{"id":1499,"date":"2023-07-14T10:19:33","date_gmt":"2023-07-14T10:19:33","guid":{"rendered":"http:\/\/lis33.pl\/?p=1499"},"modified":"2023-07-19T11:30:39","modified_gmt":"2023-07-19T11:30:39","slug":"szkolenia-dla-mysliwych","status":"publish","type":"post","link":"http:\/\/lis33.pl\/index.php\/2023\/07\/14\/szkolenia-dla-mysliwych\/","title":{"rendered":"Szkolenia dla my\u015bliwych"},"content":{"rendered":"\n<p>Witam serdecznie. Zarz\u0105d Okr\u0119gowy PZ\u0141 w Lublinie planuje zorganizowa\u0107 szkolenia dla my\u015bliwych. Pismo \u0141owczego Okr\u0119gowego Kol. Marty Duma\u0142y-Palus z propozycj\u0105 szkole\u0144 organizowanych w bie\u017c\u0105cym roku w za\u0142\u0105czniku. Bardzo prosimy o przekazanie informacji do wszystkich cz\u0142onk\u00f3w Ko\u0142a.<\/p>\n\n\n\n<p>Darz B\u00f3r.  Sekretariat  starszy referent  Mariola Parczy\u0144ska Zarz\u0105d Okr\u0119gowy w Lublinie<br>tel.: + 48 81 5161480<br>fax.: + 48 81 5161481<\/p>\n\n\n\n<p>Szanowne Kole\u017canki, Szanowni Koledzy,<\/p>\n\n\n\n<p>Zarz\u0105d Okr\u0119gowy Polskiego Zwi\u0105zku \u0141owieckiego w Lublinie planuje zorganizowa\u0107 w bie\u017c\u0105cym roku nast\u0119puj\u0105ce szkolenia dla my\u015bliwych:<\/p>\n\n\n\n<p>\u2022 Szkolenie &#8222;Wabienie jeleni, rogaczy i lis\u00f3w&#8221;<\/p>\n\n\n\n<p>\u2022 Szkolenie weterynaryjne<\/p>\n\n\n\n<p>\u2022 Kurs dla os\u00f3b ubiegaj\u0105cych si\u0119 o uzyskanie podstawowych uprawnie\u0144 do wykonywania polowania \u2013 PODSTAWOWE<\/p>\n\n\n\n<p>\u2022 Kurs dla os\u00f3b ubiegaj\u0105cych si\u0119 o uzyskanie&nbsp;&nbsp;uprawnie\u0144 selekcjonerskich &#8211; SELEKCJONERSKIE<\/p>\n\n\n\n<p>\u2022 Szkolenie w zakresie zasad bezpiecznego u\u017cytkowania nokto- i termowizji<\/p>\n\n\n\n<p>\u2022 S\u0119dzia i Instruktor Strzelectwa My\u015bliwskiego Prowadz\u0105cy Strzelanie,<\/p>\n\n\n\n<p>\u2022 Szkolenie dla poczt\u00f3w sztandarowych<\/p>\n\n\n\n<p>\u2022 Szkolenie odstrza\u0142 redukcyjny bobr\u00f3w,<\/p>\n\n\n\n<p>\u2022 Stra\u017cnik \u0141owiecki,<\/p>\n\n\n\n<p>\u2022 Dobre praktyki \u0142owieckie,<\/p>\n\n\n\n<p>\u2022 Ocena wieku zwierzyny przed i po odstrzale, wst\u0119pna wycena medalowa.<\/p>\n\n\n\n<p>My\u015bliwi zainteresowani udzia\u0142em w szkoleniu proszeni s\u0105 o&nbsp;wype\u0142nienie ankiety oznaczonej pod linkiem&nbsp;<a rel=\"noreferrer noopener\" target=\"_blank\" href=\"https:\/\/forms.gle\/JnaK1eYQiKJuFpuo8\">https:\/\/forms.gle\/JnaK1eYQiKJuFpuo8<\/a>.<\/p>\n\n\n\n<p>Terminy szkole\u0144 oraz koszty zwi\u0105zane z udzia\u0142em zostan\u0105 przes\u0142ane na podane w ankiecie adresy e-mail, po zebraniu informacji o ilo\u015bci os\u00f3b zainteresowanych udzia\u0142em w szkoleniach.<\/p>\n\n\n\n<p>Zg\u0142osze\u0144 nale\u017cy dokona\u0107 do dnia 31 lipca 2023 r. do godziny 15.00 \u2013 po podanym terminie link zostanie deaktywowany.<\/p>\n\n\n\n<p>Zarz\u0105d Okr\u0119gowy PZ\u0141 w Lublinie<\/p>\n","protected":false},"excerpt":{"rendered":"<p>Witam serdecznie. Zarz\u0105d Okr\u0119gowy PZ\u0141 w Lublinie planuje zorganizowa\u0107 szkolenia dla my\u015bliwych. Pismo \u0141owczego Okr\u0119gowego Kol. Marty Duma\u0142y-Palus z propozycj\u0105 szkole\u0144 organizowanych w bie\u017c\u0105cym roku w za\u0142\u0105czniku. Bardzo prosimy o przekazanie informacji do wszystkich cz\u0142onk\u00f3w Ko\u0142a. Darz B\u00f3r. Sekretariat starszy referent Mariola Parczy\u0144ska Zarz\u0105d Okr\u0119gowy [&hellip;]<\/p>\n","protected":false},"author":1,"featured_media":1500,"comment_status":"closed","ping_status":"open","sticky":true,"template":"","format":"standard","meta":{"footnotes":""},"categories":[7],"tags":[],"_links":{"self":[{"href":"http:\/\/lis33.pl\/index.php\/wp-json\/wp\/v2\/posts\/1499"}],"collection":[{"href":"http:\/\/lis33.pl\/index.php\/wp-json\/wp\/v2\/posts"}],"about":[{"href":"http:\/\/lis33.pl\/index.php\/wp-json\/wp\/v2\/types\/post"}],"author":[{"embeddable":true,"href":"http:\/\/lis33.pl\/index.php\/wp-json\/wp\/v2\/users\/1"}],"replies":[{"embeddable":true,"href":"http:\/\/lis33.pl\/index.php\/wp-json\/wp\/v2\/comments?post=1499"}],"version-history":[{"count":4,"href":"http:\/\/lis33.pl\/index.php\/wp-json\/wp\/v2\/posts\/1499\/revisions"}],"predecessor-version":[{"id":1506,"href":"http:\/\/lis33.pl\/index.php\/wp-json\/wp\/v2\/posts\/1499\/revisions\/1506"}],"wp:featuredmedia":[{"embeddable":true,"href":"http:\/\/lis33.pl\/index.php\/wp-json\/wp\/v2\/media\/1500"}],"wp:attachment":[{"href":"http:\/\/lis33.pl\/index.php\/wp-json\/wp\/v2\/media?parent=1499"}],"wp:term":[{"taxonomy":"category","embeddable":true,"href":"http:\/\/lis33.pl\/index.php\/wp-json\/wp\/v2\/categories?post=1499"},{"taxonomy":"post_tag","embeddable":true,"href":"http:\/\/lis33.pl\/index.php\/wp-json\/wp\/v2\/tags?post=1499"}],"curies":[{"name":"wp","href":"https:\/\/api.w.org\/{rel}","templated":true}]}}